{"id":3554,"date":"2025-11-19T09:41:09","date_gmt":"2025-11-19T14:41:09","guid":{"rendered":"https:\/\/mngastronome.com\/gouter-local-episode-9-le-chef-executif-ian-st-pierre-brinkmann-cuisine-les-produits-intermiel\/"},"modified":"2025-11-19T09:41:54","modified_gmt":"2025-11-19T14:41:54","slug":"gouter-local-episode-9-le-chef-executif-ian-st-pierre-brinkmann-cuisine-les-produits-intermiel","status":"publish","type":"post","link":"https:\/\/mngastronome.com\/en\/gouter-local-episode-9-le-chef-executif-ian-st-pierre-brinkmann-cuisine-les-produits-intermiel\/","title":{"rendered":"Go\u00fbter local | \u00c9pisode 9 | Le chef ex\u00e9cutif Ian St-Pierre Brinkmann cuisine les produits Intermiel"},"content":{"rendered":"<iframe loading=\"lazy\" title=\"Go\u00fbter local | \u00c9pisode 9 | Le chef ex\u00e9cutif Ian St-Pierre Brinkmann cuisine les produits Intermiel\" width=\"500\" height=\"281\" src=\"https:\/\/www.youtube.com\/embed\/7zkZ9iTFU7I?feature=oembed\" frameborder=\"0\" allow=\"accelerometer; autoplay; clipboard-write; encrypted-media; gyroscope; picture-in-picture; web-share\" referrerpolicy=\"strict-origin-when-cross-origin\" allowfullscreen><\/iframe>\n","protected":false},"excerpt":{"rendered":"","protected":false},"author":1,"featured_media":0,"comment_status":"open","ping_status":"open","sticky":false,"template":"","format":"standard","meta":{"_acf_changed":false,"footnotes":""},"categories":[46],"tags":[],"class_list":["post-3554","post","type-post","status-publish","format-standard","hentry","category-gouter-local-en"],"acf":[],"_links":{"self":[{"href":"https:\/\/mngastronome.com\/en\/wp-json\/wp\/v2\/posts\/3554","targetHints":{"allow":["GET"]}}],"collection":[{"href":"https:\/\/mngastronome.com\/en\/wp-json\/wp\/v2\/posts"}],"about":[{"href":"https:\/\/mngastronome.com\/en\/wp-json\/wp\/v2\/types\/post"}],"author":[{"embeddable":true,"href":"https:\/\/mngastronome.com\/en\/wp-json\/wp\/v2\/users\/1"}],"replies":[{"embeddable":true,"href":"https:\/\/mngastronome.com\/en\/wp-json\/wp\/v2\/comments?post=3554"}],"version-history":[{"count":1,"href":"https:\/\/mngastronome.com\/en\/wp-json\/wp\/v2\/posts\/3554\/revisions"}],"predecessor-version":[{"id":3555,"href":"https:\/\/mngastronome.com\/en\/wp-json\/wp\/v2\/posts\/3554\/revisions\/3555"}],"wp:attachment":[{"href":"https:\/\/mngastronome.com\/en\/wp-json\/wp\/v2\/media?parent=3554"}],"wp:term":[{"taxonomy":"category","embeddable":true,"href":"https:\/\/mngastronome.com\/en\/wp-json\/wp\/v2\/categories?post=3554"},{"taxonomy":"post_tag","embeddable":true,"href":"https:\/\/mngastronome.com\/en\/wp-json\/wp\/v2\/tags?post=3554"}],"curies":[{"name":"wp","href":"https:\/\/api.w.org\/{rel}","templated":true}]}}