{"id":3461,"date":"2021-07-08T09:31:35","date_gmt":"2021-07-08T13:31:35","guid":{"rendered":"https:\/\/mngastronome.com\/?p=3461"},"modified":"2025-10-22T10:45:37","modified_gmt":"2025-10-22T14:45:37","slug":"gouter-local-sonia-therien-asperges-de-la-microferme-lenracinee","status":"publish","type":"post","link":"https:\/\/mngastronome.com\/en\/gouter-local-sonia-therien-asperges-de-la-microferme-lenracinee\/","title":{"rendered":"Go\u00fbter local &#8211; Sonia Th\u00e9rien &#8211; asperges de la microferme l&#8217;Enracin\u00e9e"},"content":{"rendered":"<iframe loading=\"lazy\" title=\"Go\u00fbter local - Sonia Th\u00e9rien - asperges de la microferme l&#039;Enracin\u00e9e\" width=\"500\" height=\"281\" src=\"https:\/\/www.youtube.com\/embed\/7TgDbqeu824?list=PLXOMOFmX-tUc66JdmC2PtByNJu3Y2tQ-g\" frameborder=\"0\" allow=\"accelerometer; autoplay; clipboard-write; encrypted-media; gyroscope; picture-in-picture; web-share\" referrerpolicy=\"strict-origin-when-cross-origin\" allowfullscreen><\/iframe>\n","protected":false},"excerpt":{"rendered":"","protected":false},"author":1,"featured_media":0,"comment_status":"open","ping_status":"open","sticky":false,"template":"","format":"standard","meta":{"_acf_changed":false,"footnotes":""},"categories":[46],"tags":[],"class_list":["post-3461","post","type-post","status-publish","format-standard","hentry","category-gouter-local-en"],"acf":[],"_links":{"self":[{"href":"https:\/\/mngastronome.com\/en\/wp-json\/wp\/v2\/posts\/3461","targetHints":{"allow":["GET"]}}],"collection":[{"href":"https:\/\/mngastronome.com\/en\/wp-json\/wp\/v2\/posts"}],"about":[{"href":"https:\/\/mngastronome.com\/en\/wp-json\/wp\/v2\/types\/post"}],"author":[{"embeddable":true,"href":"https:\/\/mngastronome.com\/en\/wp-json\/wp\/v2\/users\/1"}],"replies":[{"embeddable":true,"href":"https:\/\/mngastronome.com\/en\/wp-json\/wp\/v2\/comments?post=3461"}],"version-history":[{"count":2,"href":"https:\/\/mngastronome.com\/en\/wp-json\/wp\/v2\/posts\/3461\/revisions"}],"predecessor-version":[{"id":3465,"href":"https:\/\/mngastronome.com\/en\/wp-json\/wp\/v2\/posts\/3461\/revisions\/3465"}],"wp:attachment":[{"href":"https:\/\/mngastronome.com\/en\/wp-json\/wp\/v2\/media?parent=3461"}],"wp:term":[{"taxonomy":"category","embeddable":true,"href":"https:\/\/mngastronome.com\/en\/wp-json\/wp\/v2\/categories?post=3461"},{"taxonomy":"post_tag","embeddable":true,"href":"https:\/\/mngastronome.com\/en\/wp-json\/wp\/v2\/tags?post=3461"}],"curies":[{"name":"wp","href":"https:\/\/api.w.org\/{rel}","templated":true}]}}